{"id":363,"date":"2023-10-04T09:31:41","date_gmt":"2023-10-04T06:31:41","guid":{"rendered":"https:\/\/trailtourfinland.fi\/?p=363"},"modified":"2023-10-04T09:31:41","modified_gmt":"2023-10-04T06:31:41","slug":"kansallinen-polkujuoksukausi-huipentuu-cup-finaaleihin-kolilla","status":"publish","type":"post","link":"https:\/\/trailtourfinland.fi\/fi\/2023\/10\/04\/kansallinen-polkujuoksukausi-huipentuu-cup-finaaleihin-kolilla\/","title":{"rendered":"Kansallinen polkujuoksukausi huipentuu cup-finaaleihin Kolilla"},"content":{"rendered":"<p><strong>Trail Tour Finland &#8211; ja Ultra Trail Tour Finland -kiertueiden voittajat kruunataan Vaarojen Maratonilla Kolin kansallispuistossa lauantaina.<\/strong><\/p>\n<p><img loading=\"lazy\" decoding=\"async\" src=\"https:\/\/media.nuts.fi\/wp-content\/uploads\/sites\/11\/2023\/10\/15154314\/8359076c-bae6-4895-a0ab-9a25088ea1e9-w_960.jpg\" alt=\"\" width=\"960\" height=\"640\" class=\"alignnone size-full wp-image-364\" srcset=\"https:\/\/media.nuts.fi\/wp-content\/uploads\/sites\/11\/2023\/10\/15154314\/8359076c-bae6-4895-a0ab-9a25088ea1e9-w_960.jpg 960w, https:\/\/media.nuts.fi\/wp-content\/uploads\/sites\/11\/2023\/10\/15154314\/8359076c-bae6-4895-a0ab-9a25088ea1e9-w_960-300x200.jpg 300w, https:\/\/media.nuts.fi\/wp-content\/uploads\/sites\/11\/2023\/10\/15154314\/8359076c-bae6-4895-a0ab-9a25088ea1e9-w_960-768x512.jpg 768w\" sizes=\"auto, (max-width: 960px) 100vw, 960px\" \/><\/p>\n<p>Seitsem\u00e4st\u00e4 osakilpailusta koostuva BUFF Trail Tour Finland ja kolmen osakilpailun Bridgedale Ultra Trail Tour Finland p\u00e4\u00e4ttyv\u00e4t lauantain finaalikisaan Kolin kansallispuistossa Lieksassa. <\/p>\n<p>J\u00e4nnitt\u00e4vin kilpailu kauden kokonaiscupin voitosta k\u00e4yd\u00e4\u00e4n Trail Tour Finlandin naisten sarjassa. Finaaliin l\u00e4hdett\u00e4ess\u00e4 kiertueen k\u00e4rkikolmikosta <strong>Maija Kaisanlahti<\/strong>, <strong>Elisa Sihvola<\/strong> ja <strong>Teija Lehtim\u00e4ki<\/strong> kaikilla on mahdollisuus cupin voittoon. <\/p>\n<p>Vaarojen Maratonille suursuosikkina l\u00e4htee kuitenkin kolmikon ulkopuolelta <strong>Anna-Stiina Erkkil\u00e4<\/strong>. H\u00e4n on kauden aikana kilpaillut ennen kaikkea kansainv\u00e4lisiss\u00e4 koitoksissa eik\u00e4 lainkaan Trail Tour Finlandin osakilpailuissa. <\/p>\n<p>\u201dKahtena vuonna olen Vaaroilla ollut. Sinne kannattaa l\u00e4hte\u00e4 hyvin n\u00f6yr\u00e4sti. Elisa on kovassa kunnossa. Pit\u00e4isi tulla ihmejuoksu itselle, ett\u00e4 h\u00e4nelle p\u00e4rj\u00e4\u00e4n\u201d, sanoo cupin k\u00e4rkisijalta finaaliin l\u00e4htev\u00e4 Maija Kaisanlahti. <\/p>\n<p><strong>Juho Ylinen miesten suosikki<\/strong><\/p>\n<p>Miesten Trail Tour Finland -sarjassa <strong>Juho Ylisen<\/strong> kolmas kiertuevoitto voi k\u00e4yt\u00e4nn\u00f6ss\u00e4 kaatua vain ep\u00e4onneen. Ylinen on ennen finaalia osallistunut kolmeen osakilpailuun ja voittanut ne kaikki.   <\/p>\n<p>Ennakkosuosikki osallistuu SM-katumaratonille vain viikko Vaarojen Maratonin j\u00e4lkeen. T\u00e4m\u00e4 voi vaikuttaa Ylisen taktiikkaan Kolin teknisill\u00e4 reiteill\u00e4.  <\/p>\n<p>\u201dEi v\u00e4ltt\u00e4m\u00e4tt\u00e4 reittienn\u00e4tyst\u00e4 tarvitse t\u00e4n\u00e4 vuonna juosta. Jos tulee tosi huono keli, tyydyn varmaan juoksemaan muiden mukana ja katsotaan, miss\u00e4 kohti l\u00e4hden ottamaan vauhtia\u201d, Ylinen sanoo. <\/p>\n<p>Pitkien matkojen Ultra Trail Tour Finland -kiertueella piikkipaikalta finaaliin starttaavat naisten sarjaa maksimipistein johtava <strong>Kaisa Tanskanen<\/strong> sek\u00e4 niin ik\u00e4\u00e4n selv\u00e4ss\u00e4 johdossa oleva <strong>Casper H\u00f6glund<\/strong>. <\/p>\n<p><strong>Muutoksia Kolin palveluihin <\/strong><\/p>\n<p>Runsaiden sateiden my\u00f6t\u00e4 reitit ovat poikkeuksellisen vetisi\u00e4, sanoo tapahtumap\u00e4\u00e4llikk\u00f6 Hannu Airila.<\/p>\n<p>\u201dItse viikonlopulle s\u00e4\u00e4ennuste ei lupaa juurikaan sadetta. Maastossa on kuitenkin aiempien sateiden my\u00f6t\u00e4 paljon vett\u00e4, ja keskiviikon voimakkaat sateet tuovat lis\u00e4\u00e4 vesikuormaa.\u201d<\/p>\n<p>Tapahtumaan odotetaan yli 1300 osallistujaa. Airila muistuttaa, ett\u00e4 tapahtuma tuo muutoksia Kolin palveluihin. <\/p>\n<p>\u201d130 kilometrin juoksijat starttaavat jo perjantai-iltana. Suurin osa l\u00e4htee matkaan lauantaiaamun ja aamup\u00e4iv\u00e4n aikana. Silloin etenkin Ukko-Kolin l\u00e4hiymp\u00e4rist\u00f6ss\u00e4 on odotettavissa ruuhkaa. Kolin rinteiden maisematuolihissi palvelee maksutta poikkeuksellisesti my\u00f6s muita Kolin vieraita kuin juoksijoita lauantaina kello 7-11 ja 12-19.\u201d <\/p>\n<p><strong>INFO: VAAROJEN MARATON -POLKUJUOKSUTAPAHTUMA<\/strong><\/p>\n<p><strong>Aika<\/strong>: 6.-7.10.2023<br \/>\n<strong>Paikka<\/strong>: Kolin kansallispuisto, Lieksa<br \/>\n<strong>Sarjat<\/strong>: 7 km, 21 km, 43 km (BUFF Trail Tour Finland -kiertueen finaali, ks. kiertueen esittely alla), 65 km, 130 km (Bridgedale Ultra Trail Tour Finland -kiertueen finaali, ks. kiertueen esittely alla)<br \/>\n<strong>Live-seuranta<\/strong>: Linkit Sanomalehti Karjalaisen netti-TV-l\u00e4hetykseen sek\u00e4 osallistujien GPS-seurantaan l\u00f6ytyv\u00e4t sivulta https:\/\/vaarojenmaraton.fi\/tapahtumainfo\/live-seuranta<\/p>\n","protected":false},"excerpt":{"rendered":"<p>Trail Tour Finland &#8211; ja Ultra Trail Tour Finland -kiertueiden voittajat kruunataan Vaarojen Maratonilla Kolin kansallispuistossa lauantaina. Seitsem\u00e4st\u00e4 osakilpailusta koostuva BUFF Trail Tour Finland ja kolmen osakilpailun Bridgedale Ultra Trail Tour Finland p\u00e4\u00e4ttyv\u00e4t lauantain finaalikisaan Kolin kansallispuistossa Lieksassa. J\u00e4nnitt\u00e4vin kilpailu kauden kokonaiscupin voitosta k\u00e4yd\u00e4\u00e4n Trail Tour Finlandin naisten sarjassa. Finaaliin l\u00e4hdett\u00e4ess\u00e4 kiertueen k\u00e4rkikolmikosta Maija Kaisanlahti,&#8230;<\/p>\n","protected":false},"author":9,"featured_media":0,"comment_status":"closed","ping_status":"open","sticky":false,"template":"","format":"standard","meta":{"_kad_blocks_custom_css":"","_kad_blocks_head_custom_js":"","_kad_blocks_body_custom_js":"","_kad_blocks_footer_custom_js":"","_kad_post_transparent":"","_kad_post_title":"","_kad_post_layout":"","_kad_post_sidebar_id":"","_kad_post_content_style":"","_kad_post_vertical_padding":"","_kad_post_feature":"","_kad_post_feature_position":"","_kad_post_header":false,"_kad_post_footer":false,"_kad_post_classname":"","footnotes":""},"categories":[10,11,1],"tags":[],"class_list":["post-363","post","type-post","status-publish","format-standard","hentry","category-stt-info","category-tiedote","category-uncategorized-fi"],"yoast_head":"<!-- This site is optimized with the Yoast SEO plugin v26.8 - https:\/\/yoast.com\/product\/yoast-seo-wordpress\/ -->\n<title>Kansallinen polkujuoksukausi huipentuu cup-finaaleihin Kolilla - Trail Tour Finland<\/title>\n<meta name=\"robots\" content=\"index, follow, max-snippet:-1, max-image-preview:large, max-video-preview:-1\" \/>\n<link rel=\"canonical\" href=\"https:\/\/trailtourfinland.fi\/fi\/2023\/10\/04\/kansallinen-polkujuoksukausi-huipentuu-cup-finaaleihin-kolilla\/\" \/>\n<meta property=\"og:locale\" content=\"fi_FI\" \/>\n<meta property=\"og:type\" content=\"article\" \/>\n<meta property=\"og:title\" content=\"Kansallinen polkujuoksukausi huipentuu cup-finaaleihin Kolilla - Trail Tour Finland\" \/>\n<meta property=\"og:description\" content=\"Trail Tour Finland &#8211; ja Ultra Trail Tour Finland -kiertueiden voittajat kruunataan Vaarojen Maratonilla Kolin kansallispuistossa lauantaina. Seitsem\u00e4st\u00e4 osakilpailusta koostuva BUFF Trail Tour Finland ja kolmen osakilpailun Bridgedale Ultra Trail Tour Finland p\u00e4\u00e4ttyv\u00e4t lauantain finaalikisaan Kolin kansallispuistossa Lieksassa. J\u00e4nnitt\u00e4vin kilpailu kauden kokonaiscupin voitosta k\u00e4yd\u00e4\u00e4n Trail Tour Finlandin naisten sarjassa. Finaaliin l\u00e4hdett\u00e4ess\u00e4 kiertueen k\u00e4rkikolmikosta Maija Kaisanlahti,...\" \/>\n<meta property=\"og:url\" content=\"https:\/\/trailtourfinland.fi\/fi\/2023\/10\/04\/kansallinen-polkujuoksukausi-huipentuu-cup-finaaleihin-kolilla\/\" \/>\n<meta property=\"og:site_name\" content=\"Trail Tour Finland\" \/>\n<meta property=\"article:published_time\" content=\"2023-10-04T06:31:41+00:00\" \/>\n<meta property=\"og:image\" content=\"https:\/\/trailtourfinland.fi\/wp-content\/uploads\/sites\/11\/2023\/10\/8359076c-bae6-4895-a0ab-9a25088ea1e9-w_960.jpg\" \/>\n<meta name=\"author\" content=\"harri.jantunen\" \/>\n<meta name=\"twitter:card\" content=\"summary_large_image\" \/>\n<meta name=\"twitter:label1\" content=\"Kirjoittanut\" \/>\n\t<meta name=\"twitter:data1\" content=\"harri.jantunen\" \/>\n\t<meta name=\"twitter:label2\" content=\"Arvioitu lukuaika\" \/>\n\t<meta name=\"twitter:data2\" content=\"2 minuuttia\" \/>\n<script type=\"application\/ld+json\" class=\"yoast-schema-graph\">{\"@context\":\"https:\/\/schema.org\",\"@graph\":[{\"@type\":\"Article\",\"@id\":\"https:\/\/trailtourfinland.fi\/fi\/2023\/10\/04\/kansallinen-polkujuoksukausi-huipentuu-cup-finaaleihin-kolilla\/#article\",\"isPartOf\":{\"@id\":\"https:\/\/trailtourfinland.fi\/fi\/2023\/10\/04\/kansallinen-polkujuoksukausi-huipentuu-cup-finaaleihin-kolilla\/\"},\"author\":{\"name\":\"harri.jantunen\",\"@id\":\"https:\/\/trailtourfinland.fi\/fi\/#\/schema\/person\/73f3b981ecb3c2dd36a00ea299a20d07\"},\"headline\":\"Kansallinen polkujuoksukausi huipentuu cup-finaaleihin Kolilla\",\"datePublished\":\"2023-10-04T06:31:41+00:00\",\"mainEntityOfPage\":{\"@id\":\"https:\/\/trailtourfinland.fi\/fi\/2023\/10\/04\/kansallinen-polkujuoksukausi-huipentuu-cup-finaaleihin-kolilla\/\"},\"wordCount\":406,\"publisher\":{\"@id\":\"https:\/\/trailtourfinland.fi\/fi\/#organization\"},\"image\":{\"@id\":\"https:\/\/trailtourfinland.fi\/fi\/2023\/10\/04\/kansallinen-polkujuoksukausi-huipentuu-cup-finaaleihin-kolilla\/#primaryimage\"},\"thumbnailUrl\":\"https:\/\/trailtourfinland.fi\/wp-content\/uploads\/sites\/11\/2023\/10\/8359076c-bae6-4895-a0ab-9a25088ea1e9-w_960.jpg\",\"articleSection\":[\"STT Info\",\"Tiedote\",\"Uncategorized @fi\"],\"inLanguage\":\"fi\"},{\"@type\":\"WebPage\",\"@id\":\"https:\/\/trailtourfinland.fi\/fi\/2023\/10\/04\/kansallinen-polkujuoksukausi-huipentuu-cup-finaaleihin-kolilla\/\",\"url\":\"https:\/\/trailtourfinland.fi\/fi\/2023\/10\/04\/kansallinen-polkujuoksukausi-huipentuu-cup-finaaleihin-kolilla\/\",\"name\":\"Kansallinen polkujuoksukausi huipentuu cup-finaaleihin Kolilla - Trail Tour Finland\",\"isPartOf\":{\"@id\":\"https:\/\/trailtourfinland.fi\/fi\/#website\"},\"primaryImageOfPage\":{\"@id\":\"https:\/\/trailtourfinland.fi\/fi\/2023\/10\/04\/kansallinen-polkujuoksukausi-huipentuu-cup-finaaleihin-kolilla\/#primaryimage\"},\"image\":{\"@id\":\"https:\/\/trailtourfinland.fi\/fi\/2023\/10\/04\/kansallinen-polkujuoksukausi-huipentuu-cup-finaaleihin-kolilla\/#primaryimage\"},\"thumbnailUrl\":\"https:\/\/trailtourfinland.fi\/wp-content\/uploads\/sites\/11\/2023\/10\/8359076c-bae6-4895-a0ab-9a25088ea1e9-w_960.jpg\",\"datePublished\":\"2023-10-04T06:31:41+00:00\",\"breadcrumb\":{\"@id\":\"https:\/\/trailtourfinland.fi\/fi\/2023\/10\/04\/kansallinen-polkujuoksukausi-huipentuu-cup-finaaleihin-kolilla\/#breadcrumb\"},\"inLanguage\":\"fi\",\"potentialAction\":[{\"@type\":\"ReadAction\",\"target\":[\"https:\/\/trailtourfinland.fi\/fi\/2023\/10\/04\/kansallinen-polkujuoksukausi-huipentuu-cup-finaaleihin-kolilla\/\"]}]},{\"@type\":\"ImageObject\",\"inLanguage\":\"fi\",\"@id\":\"https:\/\/trailtourfinland.fi\/fi\/2023\/10\/04\/kansallinen-polkujuoksukausi-huipentuu-cup-finaaleihin-kolilla\/#primaryimage\",\"url\":\"https:\/\/trailtourfinland.fi\/wp-content\/uploads\/sites\/11\/2023\/10\/8359076c-bae6-4895-a0ab-9a25088ea1e9-w_960.jpg\",\"contentUrl\":\"https:\/\/trailtourfinland.fi\/wp-content\/uploads\/sites\/11\/2023\/10\/8359076c-bae6-4895-a0ab-9a25088ea1e9-w_960.jpg\"},{\"@type\":\"BreadcrumbList\",\"@id\":\"https:\/\/trailtourfinland.fi\/fi\/2023\/10\/04\/kansallinen-polkujuoksukausi-huipentuu-cup-finaaleihin-kolilla\/#breadcrumb\",\"itemListElement\":[{\"@type\":\"ListItem\",\"position\":1,\"name\":\"Etusivu\",\"item\":\"https:\/\/trailtourfinland.fi\/fi\/\"},{\"@type\":\"ListItem\",\"position\":2,\"name\":\"Kansallinen polkujuoksukausi huipentuu cup-finaaleihin Kolilla\"}]},{\"@type\":\"WebSite\",\"@id\":\"https:\/\/trailtourfinland.fi\/fi\/#website\",\"url\":\"https:\/\/trailtourfinland.fi\/fi\/\",\"name\":\"Trail Tour Finland\",\"description\":\"\",\"publisher\":{\"@id\":\"https:\/\/trailtourfinland.fi\/fi\/#organization\"},\"potentialAction\":[{\"@type\":\"SearchAction\",\"target\":{\"@type\":\"EntryPoint\",\"urlTemplate\":\"https:\/\/trailtourfinland.fi\/fi\/?s={search_term_string}\"},\"query-input\":{\"@type\":\"PropertyValueSpecification\",\"valueRequired\":true,\"valueName\":\"search_term_string\"}}],\"inLanguage\":\"fi\"},{\"@type\":\"Organization\",\"@id\":\"https:\/\/trailtourfinland.fi\/fi\/#organization\",\"name\":\"Trail Tour Finland\",\"url\":\"https:\/\/trailtourfinland.fi\/fi\/\",\"logo\":{\"@type\":\"ImageObject\",\"inLanguage\":\"fi\",\"@id\":\"https:\/\/trailtourfinland.fi\/fi\/#\/schema\/logo\/image\/\",\"url\":\"https:\/\/media.nuts.fi\/wp-content\/uploads\/sites\/11\/2025\/03\/15164622\/ttf-ympyra-vaalea.svg\",\"contentUrl\":\"https:\/\/media.nuts.fi\/wp-content\/uploads\/sites\/11\/2025\/03\/15164622\/ttf-ympyra-vaalea.svg\",\"caption\":\"Trail Tour Finland\"},\"image\":{\"@id\":\"https:\/\/trailtourfinland.fi\/fi\/#\/schema\/logo\/image\/\"}},{\"@type\":\"Person\",\"@id\":\"https:\/\/trailtourfinland.fi\/fi\/#\/schema\/person\/73f3b981ecb3c2dd36a00ea299a20d07\",\"name\":\"harri.jantunen\",\"image\":{\"@type\":\"ImageObject\",\"inLanguage\":\"fi\",\"@id\":\"https:\/\/trailtourfinland.fi\/fi\/#\/schema\/person\/image\/\",\"url\":\"https:\/\/secure.gravatar.com\/avatar\/c9197c791109484cdaa987439a3657f4f7da8ab35c62f599f21f21994c0d2a82?s=96&d=mm&r=g\",\"contentUrl\":\"https:\/\/secure.gravatar.com\/avatar\/c9197c791109484cdaa987439a3657f4f7da8ab35c62f599f21f21994c0d2a82?s=96&d=mm&r=g\",\"caption\":\"harri.jantunen\"},\"url\":\"https:\/\/trailtourfinland.fi\/fi\/author\/harri-jantunen\/\"}]}<\/script>\n<!-- \/ Yoast SEO plugin. -->","yoast_head_json":{"title":"Kansallinen polkujuoksukausi huipentuu cup-finaaleihin Kolilla - Trail Tour Finland","robots":{"index":"index","follow":"follow","max-snippet":"max-snippet:-1","max-image-preview":"max-image-preview:large","max-video-preview":"max-video-preview:-1"},"canonical":"https:\/\/trailtourfinland.fi\/fi\/2023\/10\/04\/kansallinen-polkujuoksukausi-huipentuu-cup-finaaleihin-kolilla\/","og_locale":"fi_FI","og_type":"article","og_title":"Kansallinen polkujuoksukausi huipentuu cup-finaaleihin Kolilla - Trail Tour Finland","og_description":"Trail Tour Finland &#8211; ja Ultra Trail Tour Finland -kiertueiden voittajat kruunataan Vaarojen Maratonilla Kolin kansallispuistossa lauantaina. Seitsem\u00e4st\u00e4 osakilpailusta koostuva BUFF Trail Tour Finland ja kolmen osakilpailun Bridgedale Ultra Trail Tour Finland p\u00e4\u00e4ttyv\u00e4t lauantain finaalikisaan Kolin kansallispuistossa Lieksassa. J\u00e4nnitt\u00e4vin kilpailu kauden kokonaiscupin voitosta k\u00e4yd\u00e4\u00e4n Trail Tour Finlandin naisten sarjassa. Finaaliin l\u00e4hdett\u00e4ess\u00e4 kiertueen k\u00e4rkikolmikosta Maija Kaisanlahti,...","og_url":"https:\/\/trailtourfinland.fi\/fi\/2023\/10\/04\/kansallinen-polkujuoksukausi-huipentuu-cup-finaaleihin-kolilla\/","og_site_name":"Trail Tour Finland","article_published_time":"2023-10-04T06:31:41+00:00","og_image":[{"url":"https:\/\/trailtourfinland.fi\/wp-content\/uploads\/sites\/11\/2023\/10\/8359076c-bae6-4895-a0ab-9a25088ea1e9-w_960.jpg","type":"","width":"","height":""}],"author":"harri.jantunen","twitter_card":"summary_large_image","twitter_misc":{"Kirjoittanut":"harri.jantunen","Arvioitu lukuaika":"2 minuuttia"},"schema":{"@context":"https:\/\/schema.org","@graph":[{"@type":"Article","@id":"https:\/\/trailtourfinland.fi\/fi\/2023\/10\/04\/kansallinen-polkujuoksukausi-huipentuu-cup-finaaleihin-kolilla\/#article","isPartOf":{"@id":"https:\/\/trailtourfinland.fi\/fi\/2023\/10\/04\/kansallinen-polkujuoksukausi-huipentuu-cup-finaaleihin-kolilla\/"},"author":{"name":"harri.jantunen","@id":"https:\/\/trailtourfinland.fi\/fi\/#\/schema\/person\/73f3b981ecb3c2dd36a00ea299a20d07"},"headline":"Kansallinen polkujuoksukausi huipentuu cup-finaaleihin Kolilla","datePublished":"2023-10-04T06:31:41+00:00","mainEntityOfPage":{"@id":"https:\/\/trailtourfinland.fi\/fi\/2023\/10\/04\/kansallinen-polkujuoksukausi-huipentuu-cup-finaaleihin-kolilla\/"},"wordCount":406,"publisher":{"@id":"https:\/\/trailtourfinland.fi\/fi\/#organization"},"image":{"@id":"https:\/\/trailtourfinland.fi\/fi\/2023\/10\/04\/kansallinen-polkujuoksukausi-huipentuu-cup-finaaleihin-kolilla\/#primaryimage"},"thumbnailUrl":"https:\/\/trailtourfinland.fi\/wp-content\/uploads\/sites\/11\/2023\/10\/8359076c-bae6-4895-a0ab-9a25088ea1e9-w_960.jpg","articleSection":["STT Info","Tiedote","Uncategorized @fi"],"inLanguage":"fi"},{"@type":"WebPage","@id":"https:\/\/trailtourfinland.fi\/fi\/2023\/10\/04\/kansallinen-polkujuoksukausi-huipentuu-cup-finaaleihin-kolilla\/","url":"https:\/\/trailtourfinland.fi\/fi\/2023\/10\/04\/kansallinen-polkujuoksukausi-huipentuu-cup-finaaleihin-kolilla\/","name":"Kansallinen polkujuoksukausi huipentuu cup-finaaleihin Kolilla - Trail Tour Finland","isPartOf":{"@id":"https:\/\/trailtourfinland.fi\/fi\/#website"},"primaryImageOfPage":{"@id":"https:\/\/trailtourfinland.fi\/fi\/2023\/10\/04\/kansallinen-polkujuoksukausi-huipentuu-cup-finaaleihin-kolilla\/#primaryimage"},"image":{"@id":"https:\/\/trailtourfinland.fi\/fi\/2023\/10\/04\/kansallinen-polkujuoksukausi-huipentuu-cup-finaaleihin-kolilla\/#primaryimage"},"thumbnailUrl":"https:\/\/trailtourfinland.fi\/wp-content\/uploads\/sites\/11\/2023\/10\/8359076c-bae6-4895-a0ab-9a25088ea1e9-w_960.jpg","datePublished":"2023-10-04T06:31:41+00:00","breadcrumb":{"@id":"https:\/\/trailtourfinland.fi\/fi\/2023\/10\/04\/kansallinen-polkujuoksukausi-huipentuu-cup-finaaleihin-kolilla\/#breadcrumb"},"inLanguage":"fi","potentialAction":[{"@type":"ReadAction","target":["https:\/\/trailtourfinland.fi\/fi\/2023\/10\/04\/kansallinen-polkujuoksukausi-huipentuu-cup-finaaleihin-kolilla\/"]}]},{"@type":"ImageObject","inLanguage":"fi","@id":"https:\/\/trailtourfinland.fi\/fi\/2023\/10\/04\/kansallinen-polkujuoksukausi-huipentuu-cup-finaaleihin-kolilla\/#primaryimage","url":"https:\/\/trailtourfinland.fi\/wp-content\/uploads\/sites\/11\/2023\/10\/8359076c-bae6-4895-a0ab-9a25088ea1e9-w_960.jpg","contentUrl":"https:\/\/trailtourfinland.fi\/wp-content\/uploads\/sites\/11\/2023\/10\/8359076c-bae6-4895-a0ab-9a25088ea1e9-w_960.jpg"},{"@type":"BreadcrumbList","@id":"https:\/\/trailtourfinland.fi\/fi\/2023\/10\/04\/kansallinen-polkujuoksukausi-huipentuu-cup-finaaleihin-kolilla\/#breadcrumb","itemListElement":[{"@type":"ListItem","position":1,"name":"Etusivu","item":"https:\/\/trailtourfinland.fi\/fi\/"},{"@type":"ListItem","position":2,"name":"Kansallinen polkujuoksukausi huipentuu cup-finaaleihin Kolilla"}]},{"@type":"WebSite","@id":"https:\/\/trailtourfinland.fi\/fi\/#website","url":"https:\/\/trailtourfinland.fi\/fi\/","name":"Trail Tour Finland","description":"","publisher":{"@id":"https:\/\/trailtourfinland.fi\/fi\/#organization"},"potentialAction":[{"@type":"SearchAction","target":{"@type":"EntryPoint","urlTemplate":"https:\/\/trailtourfinland.fi\/fi\/?s={search_term_string}"},"query-input":{"@type":"PropertyValueSpecification","valueRequired":true,"valueName":"search_term_string"}}],"inLanguage":"fi"},{"@type":"Organization","@id":"https:\/\/trailtourfinland.fi\/fi\/#organization","name":"Trail Tour Finland","url":"https:\/\/trailtourfinland.fi\/fi\/","logo":{"@type":"ImageObject","inLanguage":"fi","@id":"https:\/\/trailtourfinland.fi\/fi\/#\/schema\/logo\/image\/","url":"https:\/\/media.nuts.fi\/wp-content\/uploads\/sites\/11\/2025\/03\/15164622\/ttf-ympyra-vaalea.svg","contentUrl":"https:\/\/media.nuts.fi\/wp-content\/uploads\/sites\/11\/2025\/03\/15164622\/ttf-ympyra-vaalea.svg","caption":"Trail Tour Finland"},"image":{"@id":"https:\/\/trailtourfinland.fi\/fi\/#\/schema\/logo\/image\/"}},{"@type":"Person","@id":"https:\/\/trailtourfinland.fi\/fi\/#\/schema\/person\/73f3b981ecb3c2dd36a00ea299a20d07","name":"harri.jantunen","image":{"@type":"ImageObject","inLanguage":"fi","@id":"https:\/\/trailtourfinland.fi\/fi\/#\/schema\/person\/image\/","url":"https:\/\/secure.gravatar.com\/avatar\/c9197c791109484cdaa987439a3657f4f7da8ab35c62f599f21f21994c0d2a82?s=96&d=mm&r=g","contentUrl":"https:\/\/secure.gravatar.com\/avatar\/c9197c791109484cdaa987439a3657f4f7da8ab35c62f599f21f21994c0d2a82?s=96&d=mm&r=g","caption":"harri.jantunen"},"url":"https:\/\/trailtourfinland.fi\/fi\/author\/harri-jantunen\/"}]}},"taxonomy_info":{"category":[{"value":10,"label":"STT Info"},{"value":11,"label":"Tiedote"},{"value":1,"label":"Uncategorized @fi"}]},"featured_image_src_large":false,"author_info":{"display_name":"harri.jantunen","author_link":"https:\/\/trailtourfinland.fi\/fi\/author\/harri-jantunen\/"},"comment_info":0,"category_info":[{"term_id":10,"name":"STT Info","slug":"stt-info","term_group":0,"term_taxonomy_id":10,"taxonomy":"category","description":"","parent":0,"count":9,"filter":"raw","cat_ID":10,"category_count":9,"category_description":"","cat_name":"STT Info","category_nicename":"stt-info","category_parent":0},{"term_id":11,"name":"Tiedote","slug":"tiedote","term_group":0,"term_taxonomy_id":11,"taxonomy":"category","description":"","parent":0,"count":7,"filter":"raw","cat_ID":11,"category_count":7,"category_description":"","cat_name":"Tiedote","category_nicename":"tiedote","category_parent":0},{"term_id":1,"name":"Uncategorized @fi","slug":"uncategorized-fi","term_group":0,"term_taxonomy_id":1,"taxonomy":"category","description":"","parent":0,"count":13,"filter":"raw","cat_ID":1,"category_count":13,"category_description":"","cat_name":"Uncategorized @fi","category_nicename":"uncategorized-fi","category_parent":0}],"tag_info":false,"_links":{"self":[{"href":"https:\/\/trailtourfinland.fi\/fi\/wp-json\/wp\/v2\/posts\/363","targetHints":{"allow":["GET"]}}],"collection":[{"href":"https:\/\/trailtourfinland.fi\/fi\/wp-json\/wp\/v2\/posts"}],"about":[{"href":"https:\/\/trailtourfinland.fi\/fi\/wp-json\/wp\/v2\/types\/post"}],"author":[{"embeddable":true,"href":"https:\/\/trailtourfinland.fi\/fi\/wp-json\/wp\/v2\/users\/9"}],"replies":[{"embeddable":true,"href":"https:\/\/trailtourfinland.fi\/fi\/wp-json\/wp\/v2\/comments?post=363"}],"version-history":[{"count":0,"href":"https:\/\/trailtourfinland.fi\/fi\/wp-json\/wp\/v2\/posts\/363\/revisions"}],"wp:attachment":[{"href":"https:\/\/trailtourfinland.fi\/fi\/wp-json\/wp\/v2\/media?parent=363"}],"wp:term":[{"taxonomy":"category","embeddable":true,"href":"https:\/\/trailtourfinland.fi\/fi\/wp-json\/wp\/v2\/categories?post=363"},{"taxonomy":"post_tag","embeddable":true,"href":"https:\/\/trailtourfinland.fi\/fi\/wp-json\/wp\/v2\/tags?post=363"}],"curies":[{"name":"wp","href":"https:\/\/api.w.org\/{rel}","templated":true}]}}