{"id":423,"date":"2024-04-02T10:10:05","date_gmt":"2024-04-02T07:10:05","guid":{"rendered":"https:\/\/trailtourfinland.fi\/?p=423"},"modified":"2024-04-02T10:10:05","modified_gmt":"2024-04-02T07:10:05","slug":"vastaus-presidentti-stubbille-naissa-tapahtumissa-kayvat-myos-yli-70-vuotiaat","status":"publish","type":"post","link":"https:\/\/trailtourfinland.fi\/fi\/2024\/04\/02\/vastaus-presidentti-stubbille-naissa-tapahtumissa-kayvat-myos-yli-70-vuotiaat\/","title":{"rendered":"Vastaus presidentti Stubbille: \u201dN\u00e4iss\u00e4 tapahtumissa k\u00e4yv\u00e4t my\u00f6s yli 70-vuotiaat\u201d"},"content":{"rendered":"<p><strong>Viisikymppiset ovat vasta osallistujien ik\u00e4haitarin puoliv\u00e4liss\u00e4, sanovat polkujuoksutapahtumien j\u00e4rjest\u00e4j\u00e4t.\u00a0<\/strong><\/p>\n<p>&nbsp;<\/p>\n<p><img loading=\"lazy\" decoding=\"async\" class=\"wp-image-424 size-full alignnone\" src=\"https:\/\/media.nuts.fi\/wp-content\/uploads\/sites\/11\/2024\/04\/15154317\/unnamed.jpg\" alt=\"\" width=\"576\" height=\"402\" srcset=\"https:\/\/media.nuts.fi\/wp-content\/uploads\/sites\/11\/2024\/04\/15154317\/unnamed.jpg 576w, https:\/\/media.nuts.fi\/wp-content\/uploads\/sites\/11\/2024\/04\/15154317\/unnamed-300x209.jpg 300w\" sizes=\"auto, (max-width: 576px) 100vw, 576px\" \/><\/p>\n<p><em>Polkujuoksulle luonteenomaista on el\u00e4myksellisyys. Tapahtumien reitit voivat olla teknisesti ja profiililtaan helppoja tai haastavia. Vaarojen Maratonin (kuva) reitti kulkee Kolin kansallispuistossa ja sen tuntumassa. Aapo Laiho<\/em><\/p>\n<p>&nbsp;<\/p>\n<p>Polkujuoksutapahtumat nousivat esiin presidentti\u00a0<strong>Alexander Stubbin<\/strong>\u00a0ja urheiluvaikuttaja\u00a0<strong>Kaisa M\u00e4k\u00e4r\u00e4isen<\/strong>\u00a0keskusteluissa, kun presidenttipari vieraili Pohjois-Karjalassa viime viikolla.<\/p>\n<p>Presidentti arvioi M\u00e4k\u00e4r\u00e4isen haastattelussa olevansa jo liian vanha osallistuakseen Trail Tour Finland -kiertueen finaalitapahtumaan, Kolilla juostavalle Vaarojen Maratonille.<\/p>\n<p>Tapahtumien j\u00e4rjest\u00e4j\u00e4t kertovat kuitenkin, ett\u00e4 viisikymppiset juoksijat ovat vasta osallistujien ik\u00e4haitarin puoliv\u00e4liss\u00e4.<\/p>\n<p>\u2014Ik\u00e4 sin\u00e4ll\u00e4\u00e4n ei ole este. N\u00e4iss\u00e4 tapahtumissa k\u00e4yv\u00e4t my\u00f6s yli 70-vuotiaat. Vuonna 2023 vanhin naisosallistuja oli 74-vuotias ja vanhin mies 75-vuotias, sanoo kahdeksasta polkujuoksutapahtumasta koostuvan Trail Tour Finland -kiertueen\u00a0<strong>Harri Jantunen.<\/strong><\/p>\n<p><strong>Ventovieraatkin kavereita \u00a0\u00a0\u00a0\u00a0\u00a0<\/strong><\/p>\n<p>Jantunen sanoo, ett\u00e4 polkujuoksutapahtumien ei-kilpailullinen painotus sopii useimmille kuntoilijoille ja rentouttaa tunnelmaa. Polkujuoksussa ei esimerkiksi k\u00e4ytet\u00e4 muun muassa hiihtotapahtumissa tuttua osallistujien ryhmittely\u00e4 eri ik\u00e4luokkiin.<\/p>\n<p>\u2014Kun kilpailullisuus ei korostu, juoksun lomassa on helppo jutella ja tsempata toisia osallistujia. Ennest\u00e4\u00e4n vieraidenkin kesken syntyy mahtavia keskusteluja tapahtuman aikana. T\u00e4m\u00e4 yhteis\u00f6llisyys on lajin parhaita piirteit\u00e4.<\/p>\n<p><strong>Ei vain parikymppisille \u00a0<\/strong><\/p>\n<p>Jantunen muistuttaa, ett\u00e4 useimmiten polkujuoksutapahtumat tarjoavat useita eri matkoja. Lyhimm\u00e4t matkat ovat alle kymmenen kilometri\u00e4. My\u00f6s korkeuserot sek\u00e4 tekninen vaativuus vaihtelevat tapahtumasta toiseen.<\/p>\n<p>\u2014Polut ovat sopivaa liikuntaymp\u00e4rist\u00f6\u00e4 vauvasta vaariin. Toivottavasti tietoisuus t\u00e4st\u00e4 levi\u00e4isi ja saisimme estetty\u00e4 sellaisen mielikuvan, ett\u00e4 polkujuoksutapahtumat sopivat vain esimerkiksi 20-30-vuotiaille.<\/p>\n<p>&nbsp;<\/p>\n<p><strong>Yhteyshenkil\u00f6t<\/strong><\/p>\n<p>Harri Jantunen<\/p>\n<p>Toimitusjohtaja<\/p>\n<p>Trail Tour Finland Oy<\/p>\n<p>Puh: +358 50 392 7610<\/p>\n<p><a href=\"mailto:harri.jantunen@trailtourfinland.fi\">harri.jantunen@trailtourfinland.fi<\/a><\/p>\n<p>&nbsp;<\/p>\n<p><strong>Trail Tour Finland 2024<\/strong><\/p>\n<p>Trail Tour Finland on vuonna 2013 alkunsa saanut Suomen suurin polkujuoksukiertue. Sen tavoitteena on nostaa polkujuoksun n\u00e4kyvyytt\u00e4 ja vahvistaa polkujuoksukulttuuria. Trail Tour Finland Oy haluaa innostaa uusia harrastajia lajin pariin viem\u00e4lle heid\u00e4t Suomen ikonisimpiin luontomaisemiin ja ylitt\u00e4m\u00e4\u00e4n itsens\u00e4.<\/p>\n<p>Lue lis\u00e4\u00e4:\u00a0<a href=\"http:\/\/xtgk1.mjt.lu\/lnk\/BAAABWBsxrIAAAAlrWAAAH8omhkAAAABFBYAAAAAABLIdABmC36OZZTkaHLdR86oNgGS1ARATAASwH0\/2\/GzHicl8STpFokgjzeiGTvQ\/aHR0cHM6Ly90cmFpbHRvdXJmaW5sYW5kLmZpLw\" target=\"_blank\" rel=\"noopener\" data-saferedirecturl=\"https:\/\/www.google.com\/url?q=http:\/\/xtgk1.mjt.lu\/lnk\/BAAABWBsxrIAAAAlrWAAAH8omhkAAAABFBYAAAAAABLIdABmC36OZZTkaHLdR86oNgGS1ARATAASwH0\/2\/GzHicl8STpFokgjzeiGTvQ\/aHR0cHM6Ly90cmFpbHRvdXJmaW5sYW5kLmZpLw&amp;source=gmail&amp;ust=1712125623043000&amp;usg=AOvVaw3dsqn6fl0AYePV_dQbo7z0\">https:\/\/trailtourfinland.fi\/<\/a><\/p>\n<p>Trail Tour Finland koostuu kahdesta polkujuoksusarjasta.\u00a0Trail Tour Finland kattaa kahdeksan osakilpailua ja\u00a0Ultra Trail Tour Finland kolme osakilpailua seuraavasti:<\/p>\n<p><strong>Trail Tour Finland<\/strong><\/p>\n<p>04.05.2024\u00a0<a href=\"http:\/\/xtgk1.mjt.lu\/lnk\/BAAABWBsxrIAAAAlrWAAAH8omhkAAAABFBYAAAAAABLIdABmC36OZZTkaHLdR86oNgGS1ARATAASwH0\/3\/_BHnNrf9rsCioB79p2Jq3A\/aHR0cHM6Ly9ib2RvbXRyYWlsLmNvbS8\" target=\"_blank\" rel=\"noopener\" data-saferedirecturl=\"https:\/\/www.google.com\/url?q=http:\/\/xtgk1.mjt.lu\/lnk\/BAAABWBsxrIAAAAlrWAAAH8omhkAAAABFBYAAAAAABLIdABmC36OZZTkaHLdR86oNgGS1ARATAASwH0\/3\/_BHnNrf9rsCioB79p2Jq3A\/aHR0cHM6Ly9ib2RvbXRyYWlsLmNvbS8&amp;source=gmail&amp;ust=1712125623043000&amp;usg=AOvVaw3njcwzqEJntf4ReMBNnKQg\">Bodom Trail<\/a><\/p>\n<p>25.05.2024\u00a0<a href=\"http:\/\/xtgk1.mjt.lu\/lnk\/BAAABWBsxrIAAAAlrWAAAH8omhkAAAABFBYAAAAAABLIdABmC36OZZTkaHLdR86oNgGS1ARATAASwH0\/4\/WfgTu_CjoWiVF2nFE5NiAQ\/aHR0cHM6Ly9udXRza2FyaHVua2llcnJvcy5maS9maS8\" target=\"_blank\" rel=\"noopener\" data-saferedirecturl=\"https:\/\/www.google.com\/url?q=http:\/\/xtgk1.mjt.lu\/lnk\/BAAABWBsxrIAAAAlrWAAAH8omhkAAAABFBYAAAAAABLIdABmC36OZZTkaHLdR86oNgGS1ARATAASwH0\/4\/WfgTu_CjoWiVF2nFE5NiAQ\/aHR0cHM6Ly9udXRza2FyaHVua2llcnJvcy5maS9maS8&amp;source=gmail&amp;ust=1712125623043000&amp;usg=AOvVaw0FbUgYUp8SJsqjE0EnFrhp\">NUTS Karhunkierros<\/a><\/p>\n<p>15.06.2024\u00a0<a href=\"http:\/\/xtgk1.mjt.lu\/lnk\/BAAABWBsxrIAAAAlrWAAAH8omhkAAAABFBYAAAAAABLIdABmC36OZZTkaHLdR86oNgGS1ARATAASwH0\/5\/d47kaIKTbfIpbEMhS1Xayg\/aHR0cHM6Ly9udXRza2FyaHVua2llcnJvcy5maS9maS8\" target=\"_blank\" rel=\"noopener\" data-saferedirecturl=\"https:\/\/www.google.com\/url?q=http:\/\/xtgk1.mjt.lu\/lnk\/BAAABWBsxrIAAAAlrWAAAH8omhkAAAABFBYAAAAAABLIdABmC36OZZTkaHLdR86oNgGS1ARATAASwH0\/5\/d47kaIKTbfIpbEMhS1Xayg\/aHR0cHM6Ly9udXRza2FyaHVua2llcnJvcy5maS9maS8&amp;source=gmail&amp;ust=1712125623043000&amp;usg=AOvVaw0XZ4-NrsO-F0HUwpEqQBRU\">NUTS Sy\u00f6te<\/a><\/p>\n<p>13.07.2024\u00a0<a href=\"http:\/\/xtgk1.mjt.lu\/lnk\/BAAABWBsxrIAAAAlrWAAAH8omhkAAAABFBYAAAAAABLIdABmC36OZZTkaHLdR86oNgGS1ARATAASwH0\/6\/Isdq8rCDB7qQyRCB5JHg6A\/aHR0cHM6Ly9udXRzeWxsYXNwYWxsYXMuY29tL2ZpLw\" target=\"_blank\" rel=\"noopener\" data-saferedirecturl=\"https:\/\/www.google.com\/url?q=http:\/\/xtgk1.mjt.lu\/lnk\/BAAABWBsxrIAAAAlrWAAAH8omhkAAAABFBYAAAAAABLIdABmC36OZZTkaHLdR86oNgGS1ARATAASwH0\/6\/Isdq8rCDB7qQyRCB5JHg6A\/aHR0cHM6Ly9udXRzeWxsYXNwYWxsYXMuY29tL2ZpLw&amp;source=gmail&amp;ust=1712125623043000&amp;usg=AOvVaw20lFeGjqDRCt1qyUEqpnEa\">NUTS Yll\u00e4s-Pallas<\/a><\/p>\n<p>10.08.2024\u00a0<a href=\"http:\/\/xtgk1.mjt.lu\/lnk\/BAAABWBsxrIAAAAlrWAAAH8omhkAAAABFBYAAAAAABLIdABmC36OZZTkaHLdR86oNgGS1ARATAASwH0\/7\/CV8HKaTUlfU81ozw9YExwg\/aHR0cHM6Ly9udXRzcHloYS5maS9maS8\" target=\"_blank\" rel=\"noopener\" data-saferedirecturl=\"https:\/\/www.google.com\/url?q=http:\/\/xtgk1.mjt.lu\/lnk\/BAAABWBsxrIAAAAlrWAAAH8omhkAAAABFBYAAAAAABLIdABmC36OZZTkaHLdR86oNgGS1ARATAASwH0\/7\/CV8HKaTUlfU81ozw9YExwg\/aHR0cHM6Ly9udXRzcHloYS5maS9maS8&amp;source=gmail&amp;ust=1712125623043000&amp;usg=AOvVaw3oGkZWLsDKANkGKQLzB0S_\">NUTS Pyh\u00e4<\/a><\/p>\n<p>07.09.2024\u00a0<a href=\"http:\/\/xtgk1.mjt.lu\/lnk\/BAAABWBsxrIAAAAlrWAAAH8omhkAAAABFBYAAAAAABLIdABmC36OZZTkaHLdR86oNgGS1ARATAASwH0\/8\/3qzwYLQRN7VQmIZJEvLw5Q\/aHR0cHM6Ly9udXVrc2lvY2xhc3NpYy5jb20v\" target=\"_blank\" rel=\"noopener\" data-saferedirecturl=\"https:\/\/www.google.com\/url?q=http:\/\/xtgk1.mjt.lu\/lnk\/BAAABWBsxrIAAAAlrWAAAH8omhkAAAABFBYAAAAAABLIdABmC36OZZTkaHLdR86oNgGS1ARATAASwH0\/8\/3qzwYLQRN7VQmIZJEvLw5Q\/aHR0cHM6Ly9udXVrc2lvY2xhc3NpYy5jb20v&amp;source=gmail&amp;ust=1712125623043000&amp;usg=AOvVaw3FKyshY_-XQp_VJ5ns3xXq\">Nuuksio Classic<\/a><\/p>\n<p>21.09.2024\u00a0<a href=\"http:\/\/xtgk1.mjt.lu\/lnk\/BAAABWBsxrIAAAAlrWAAAH8omhkAAAABFBYAAAAAABLIdABmC36OZZTkaHLdR86oNgGS1ARATAASwH0\/9\/YW69Q4YEqoPvuY_x8pRz2Q\/aHR0cHM6Ly93d3cuYXVsYW5rb3Rvd2VydHJhaWwuZmkv\" target=\"_blank\" rel=\"noopener\" data-saferedirecturl=\"https:\/\/www.google.com\/url?q=http:\/\/xtgk1.mjt.lu\/lnk\/BAAABWBsxrIAAAAlrWAAAH8omhkAAAABFBYAAAAAABLIdABmC36OZZTkaHLdR86oNgGS1ARATAASwH0\/9\/YW69Q4YEqoPvuY_x8pRz2Q\/aHR0cHM6Ly93d3cuYXVsYW5rb3Rvd2VydHJhaWwuZmkv&amp;source=gmail&amp;ust=1712125623043000&amp;usg=AOvVaw3SuI_61HxyoF_aEU48vcgr\">Aulanko Tower Trail\u00a0<\/a><\/p>\n<p>05.10.2024\u00a0<a href=\"http:\/\/xtgk1.mjt.lu\/lnk\/BAAABWBsxrIAAAAlrWAAAH8omhkAAAABFBYAAAAAABLIdABmC36OZZTkaHLdR86oNgGS1ARATAASwH0\/10\/lxg4n4PbEcihOpegcyn4rA\/aHR0cHM6Ly92YWFyb2plbm1hcmF0b24uZmkv\" target=\"_blank\" rel=\"noopener\" data-saferedirecturl=\"https:\/\/www.google.com\/url?q=http:\/\/xtgk1.mjt.lu\/lnk\/BAAABWBsxrIAAAAlrWAAAH8omhkAAAABFBYAAAAAABLIdABmC36OZZTkaHLdR86oNgGS1ARATAASwH0\/10\/lxg4n4PbEcihOpegcyn4rA\/aHR0cHM6Ly92YWFyb2plbm1hcmF0b24uZmkv&amp;source=gmail&amp;ust=1712125623043000&amp;usg=AOvVaw0LHXziOicy-aDXZ_UOXbsZ\">Vaarojen Maraton<\/a><\/p>\n<p><strong>Ultra Trail Tour Finland<\/strong><\/p>\n<p>24.05.2024\u00a0<a href=\"http:\/\/xtgk1.mjt.lu\/lnk\/BAAABWBsxrIAAAAlrWAAAH8omhkAAAABFBYAAAAAABLIdABmC36OZZTkaHLdR86oNgGS1ARATAASwH0\/11\/OlFI6BbIke6J1qu_aaQ2sA\/aHR0cHM6Ly9udXRza2FyaHVua2llcnJvcy5maS9maS8\" target=\"_blank\" rel=\"noopener\" data-saferedirecturl=\"https:\/\/www.google.com\/url?q=http:\/\/xtgk1.mjt.lu\/lnk\/BAAABWBsxrIAAAAlrWAAAH8omhkAAAABFBYAAAAAABLIdABmC36OZZTkaHLdR86oNgGS1ARATAASwH0\/11\/OlFI6BbIke6J1qu_aaQ2sA\/aHR0cHM6Ly9udXRza2FyaHVua2llcnJvcy5maS9maS8&amp;source=gmail&amp;ust=1712125623043000&amp;usg=AOvVaw3a7xbTAJEGWSsdB2IHQpWr\">NUTS Karhunkierros<\/a><\/p>\n<p>12.07.2024\u00a0<a href=\"http:\/\/xtgk1.mjt.lu\/lnk\/BAAABWBsxrIAAAAlrWAAAH8omhkAAAABFBYAAAAAABLIdABmC36OZZTkaHLdR86oNgGS1ARATAASwH0\/12\/jTcRlY-Gg0CLYzG5_U9QGg\/aHR0cHM6Ly9udXRzeWxsYXNwYWxsYXMuY29tL2ZpLw\" target=\"_blank\" rel=\"noopener\" data-saferedirecturl=\"https:\/\/www.google.com\/url?q=http:\/\/xtgk1.mjt.lu\/lnk\/BAAABWBsxrIAAAAlrWAAAH8omhkAAAABFBYAAAAAABLIdABmC36OZZTkaHLdR86oNgGS1ARATAASwH0\/12\/jTcRlY-Gg0CLYzG5_U9QGg\/aHR0cHM6Ly9udXRzeWxsYXNwYWxsYXMuY29tL2ZpLw&amp;source=gmail&amp;ust=1712125623043000&amp;usg=AOvVaw3dcPeyy-YOd0PSkbLwAehx\">NUTS Yll\u00e4s-Pallas<\/a><\/p>\n<p>04.10.2024\u00a0<a href=\"http:\/\/xtgk1.mjt.lu\/lnk\/BAAABWBsxrIAAAAlrWAAAH8omhkAAAABFBYAAAAAABLIdABmC36OZZTkaHLdR86oNgGS1ARATAASwH0\/13\/1_Ime6UBafuvE3S5DoSwhw\/aHR0cHM6Ly92YWFyb2plbm1hcmF0b24uZmkv\" target=\"_blank\" rel=\"noopener\" data-saferedirecturl=\"https:\/\/www.google.com\/url?q=http:\/\/xtgk1.mjt.lu\/lnk\/BAAABWBsxrIAAAAlrWAAAH8omhkAAAABFBYAAAAAABLIdABmC36OZZTkaHLdR86oNgGS1ARATAASwH0\/13\/1_Ime6UBafuvE3S5DoSwhw\/aHR0cHM6Ly92YWFyb2plbm1hcmF0b24uZmkv&amp;source=gmail&amp;ust=1712125623043000&amp;usg=AOvVaw2AmAYjgaLRi_8HvJlM1h1j\">Vaarojen Maraton<\/a><\/p>\n<p>&nbsp;<\/p>\n","protected":false},"excerpt":{"rendered":"<p>Viisikymppiset ovat vasta osallistujien ik\u00e4haitarin puoliv\u00e4liss\u00e4, sanovat polkujuoksutapahtumien j\u00e4rjest\u00e4j\u00e4t.\u00a0 &nbsp; Polkujuoksulle luonteenomaista on el\u00e4myksellisyys. Tapahtumien reitit voivat olla teknisesti ja profiililtaan helppoja tai haastavia. Vaarojen Maratonin (kuva) reitti kulkee Kolin kansallispuistossa ja sen tuntumassa. Aapo Laiho &nbsp; Polkujuoksutapahtumat nousivat esiin presidentti\u00a0Alexander Stubbin\u00a0ja urheiluvaikuttaja\u00a0Kaisa M\u00e4k\u00e4r\u00e4isen\u00a0keskusteluissa, kun presidenttipari vieraili Pohjois-Karjalassa viime viikolla. Presidentti arvioi M\u00e4k\u00e4r\u00e4isen haastattelussa olevansa&#8230;<\/p>\n","protected":false},"author":9,"featured_media":0,"comment_status":"closed","ping_status":"open","sticky":false,"template":"","format":"standard","meta":{"_kad_blocks_custom_css":"","_kad_blocks_head_custom_js":"","_kad_blocks_body_custom_js":"","_kad_blocks_footer_custom_js":"","_kad_post_transparent":"","_kad_post_title":"","_kad_post_layout":"","_kad_post_sidebar_id":"","_kad_post_content_style":"","_kad_post_vertical_padding":"","_kad_post_feature":"","_kad_post_feature_position":"","_kad_post_header":false,"_kad_post_footer":false,"_kad_post_classname":"","footnotes":""},"categories":[10,11,1],"tags":[],"class_list":["post-423","post","type-post","status-publish","format-standard","hentry","category-stt-info","category-tiedote","category-uncategorized-fi"],"yoast_head":"<!-- This site is optimized with the Yoast SEO plugin v26.8 - https:\/\/yoast.com\/product\/yoast-seo-wordpress\/ -->\n<title>Vastaus presidentti Stubbille: \u201dN\u00e4iss\u00e4 tapahtumissa k\u00e4yv\u00e4t my\u00f6s yli 70-vuotiaat\u201d - Trail Tour Finland<\/title>\n<meta name=\"robots\" content=\"index, follow, max-snippet:-1, max-image-preview:large, max-video-preview:-1\" \/>\n<link rel=\"canonical\" href=\"https:\/\/trailtourfinland.fi\/fi\/2024\/04\/02\/vastaus-presidentti-stubbille-naissa-tapahtumissa-kayvat-myos-yli-70-vuotiaat\/\" \/>\n<meta property=\"og:locale\" content=\"fi_FI\" \/>\n<meta property=\"og:type\" content=\"article\" \/>\n<meta property=\"og:title\" content=\"Vastaus presidentti Stubbille: \u201dN\u00e4iss\u00e4 tapahtumissa k\u00e4yv\u00e4t my\u00f6s yli 70-vuotiaat\u201d - Trail Tour Finland\" \/>\n<meta property=\"og:description\" content=\"Viisikymppiset ovat vasta osallistujien ik\u00e4haitarin puoliv\u00e4liss\u00e4, sanovat polkujuoksutapahtumien j\u00e4rjest\u00e4j\u00e4t.\u00a0 &nbsp; Polkujuoksulle luonteenomaista on el\u00e4myksellisyys. Tapahtumien reitit voivat olla teknisesti ja profiililtaan helppoja tai haastavia. Vaarojen Maratonin (kuva) reitti kulkee Kolin kansallispuistossa ja sen tuntumassa. Aapo Laiho &nbsp; Polkujuoksutapahtumat nousivat esiin presidentti\u00a0Alexander Stubbin\u00a0ja urheiluvaikuttaja\u00a0Kaisa M\u00e4k\u00e4r\u00e4isen\u00a0keskusteluissa, kun presidenttipari vieraili Pohjois-Karjalassa viime viikolla. Presidentti arvioi M\u00e4k\u00e4r\u00e4isen haastattelussa olevansa...\" \/>\n<meta property=\"og:url\" content=\"https:\/\/trailtourfinland.fi\/fi\/2024\/04\/02\/vastaus-presidentti-stubbille-naissa-tapahtumissa-kayvat-myos-yli-70-vuotiaat\/\" \/>\n<meta property=\"og:site_name\" content=\"Trail Tour Finland\" \/>\n<meta property=\"article:published_time\" content=\"2024-04-02T07:10:05+00:00\" \/>\n<meta property=\"og:image\" content=\"https:\/\/trailtourfinland.fi\/wp-content\/uploads\/sites\/11\/2024\/04\/unnamed.jpg\" \/>\n<meta name=\"author\" content=\"harri.jantunen\" \/>\n<meta name=\"twitter:card\" content=\"summary_large_image\" \/>\n<meta name=\"twitter:label1\" content=\"Kirjoittanut\" \/>\n\t<meta name=\"twitter:data1\" content=\"harri.jantunen\" \/>\n\t<meta name=\"twitter:label2\" content=\"Arvioitu lukuaika\" \/>\n\t<meta name=\"twitter:data2\" content=\"2 minuuttia\" \/>\n<script type=\"application\/ld+json\" class=\"yoast-schema-graph\">{\"@context\":\"https:\/\/schema.org\",\"@graph\":[{\"@type\":\"Article\",\"@id\":\"https:\/\/trailtourfinland.fi\/fi\/2024\/04\/02\/vastaus-presidentti-stubbille-naissa-tapahtumissa-kayvat-myos-yli-70-vuotiaat\/#article\",\"isPartOf\":{\"@id\":\"https:\/\/trailtourfinland.fi\/fi\/2024\/04\/02\/vastaus-presidentti-stubbille-naissa-tapahtumissa-kayvat-myos-yli-70-vuotiaat\/\"},\"author\":{\"name\":\"harri.jantunen\",\"@id\":\"https:\/\/trailtourfinland.fi\/fi\/#\/schema\/person\/73f3b981ecb3c2dd36a00ea299a20d07\"},\"headline\":\"Vastaus presidentti Stubbille: \u201dN\u00e4iss\u00e4 tapahtumissa k\u00e4yv\u00e4t my\u00f6s yli 70-vuotiaat\u201d\",\"datePublished\":\"2024-04-02T07:10:05+00:00\",\"mainEntityOfPage\":{\"@id\":\"https:\/\/trailtourfinland.fi\/fi\/2024\/04\/02\/vastaus-presidentti-stubbille-naissa-tapahtumissa-kayvat-myos-yli-70-vuotiaat\/\"},\"wordCount\":381,\"publisher\":{\"@id\":\"https:\/\/trailtourfinland.fi\/fi\/#organization\"},\"image\":{\"@id\":\"https:\/\/trailtourfinland.fi\/fi\/2024\/04\/02\/vastaus-presidentti-stubbille-naissa-tapahtumissa-kayvat-myos-yli-70-vuotiaat\/#primaryimage\"},\"thumbnailUrl\":\"https:\/\/trailtourfinland.fi\/wp-content\/uploads\/sites\/11\/2024\/04\/unnamed.jpg\",\"articleSection\":[\"STT Info\",\"Tiedote\",\"Uncategorized @fi\"],\"inLanguage\":\"fi\"},{\"@type\":\"WebPage\",\"@id\":\"https:\/\/trailtourfinland.fi\/fi\/2024\/04\/02\/vastaus-presidentti-stubbille-naissa-tapahtumissa-kayvat-myos-yli-70-vuotiaat\/\",\"url\":\"https:\/\/trailtourfinland.fi\/fi\/2024\/04\/02\/vastaus-presidentti-stubbille-naissa-tapahtumissa-kayvat-myos-yli-70-vuotiaat\/\",\"name\":\"Vastaus presidentti Stubbille: \u201dN\u00e4iss\u00e4 tapahtumissa k\u00e4yv\u00e4t my\u00f6s yli 70-vuotiaat\u201d - Trail Tour Finland\",\"isPartOf\":{\"@id\":\"https:\/\/trailtourfinland.fi\/fi\/#website\"},\"primaryImageOfPage\":{\"@id\":\"https:\/\/trailtourfinland.fi\/fi\/2024\/04\/02\/vastaus-presidentti-stubbille-naissa-tapahtumissa-kayvat-myos-yli-70-vuotiaat\/#primaryimage\"},\"image\":{\"@id\":\"https:\/\/trailtourfinland.fi\/fi\/2024\/04\/02\/vastaus-presidentti-stubbille-naissa-tapahtumissa-kayvat-myos-yli-70-vuotiaat\/#primaryimage\"},\"thumbnailUrl\":\"https:\/\/trailtourfinland.fi\/wp-content\/uploads\/sites\/11\/2024\/04\/unnamed.jpg\",\"datePublished\":\"2024-04-02T07:10:05+00:00\",\"breadcrumb\":{\"@id\":\"https:\/\/trailtourfinland.fi\/fi\/2024\/04\/02\/vastaus-presidentti-stubbille-naissa-tapahtumissa-kayvat-myos-yli-70-vuotiaat\/#breadcrumb\"},\"inLanguage\":\"fi\",\"potentialAction\":[{\"@type\":\"ReadAction\",\"target\":[\"https:\/\/trailtourfinland.fi\/fi\/2024\/04\/02\/vastaus-presidentti-stubbille-naissa-tapahtumissa-kayvat-myos-yli-70-vuotiaat\/\"]}]},{\"@type\":\"ImageObject\",\"inLanguage\":\"fi\",\"@id\":\"https:\/\/trailtourfinland.fi\/fi\/2024\/04\/02\/vastaus-presidentti-stubbille-naissa-tapahtumissa-kayvat-myos-yli-70-vuotiaat\/#primaryimage\",\"url\":\"https:\/\/trailtourfinland.fi\/wp-content\/uploads\/sites\/11\/2024\/04\/unnamed.jpg\",\"contentUrl\":\"https:\/\/trailtourfinland.fi\/wp-content\/uploads\/sites\/11\/2024\/04\/unnamed.jpg\"},{\"@type\":\"BreadcrumbList\",\"@id\":\"https:\/\/trailtourfinland.fi\/fi\/2024\/04\/02\/vastaus-presidentti-stubbille-naissa-tapahtumissa-kayvat-myos-yli-70-vuotiaat\/#breadcrumb\",\"itemListElement\":[{\"@type\":\"ListItem\",\"position\":1,\"name\":\"Etusivu\",\"item\":\"https:\/\/trailtourfinland.fi\/fi\/\"},{\"@type\":\"ListItem\",\"position\":2,\"name\":\"Vastaus presidentti Stubbille: \u201dN\u00e4iss\u00e4 tapahtumissa k\u00e4yv\u00e4t my\u00f6s yli 70-vuotiaat\u201d\"}]},{\"@type\":\"WebSite\",\"@id\":\"https:\/\/trailtourfinland.fi\/fi\/#website\",\"url\":\"https:\/\/trailtourfinland.fi\/fi\/\",\"name\":\"Trail Tour Finland\",\"description\":\"\",\"publisher\":{\"@id\":\"https:\/\/trailtourfinland.fi\/fi\/#organization\"},\"potentialAction\":[{\"@type\":\"SearchAction\",\"target\":{\"@type\":\"EntryPoint\",\"urlTemplate\":\"https:\/\/trailtourfinland.fi\/fi\/?s={search_term_string}\"},\"query-input\":{\"@type\":\"PropertyValueSpecification\",\"valueRequired\":true,\"valueName\":\"search_term_string\"}}],\"inLanguage\":\"fi\"},{\"@type\":\"Organization\",\"@id\":\"https:\/\/trailtourfinland.fi\/fi\/#organization\",\"name\":\"Trail Tour Finland\",\"url\":\"https:\/\/trailtourfinland.fi\/fi\/\",\"logo\":{\"@type\":\"ImageObject\",\"inLanguage\":\"fi\",\"@id\":\"https:\/\/trailtourfinland.fi\/fi\/#\/schema\/logo\/image\/\",\"url\":\"https:\/\/media.nuts.fi\/wp-content\/uploads\/sites\/11\/2025\/03\/15164622\/ttf-ympyra-vaalea.svg\",\"contentUrl\":\"https:\/\/media.nuts.fi\/wp-content\/uploads\/sites\/11\/2025\/03\/15164622\/ttf-ympyra-vaalea.svg\",\"caption\":\"Trail Tour Finland\"},\"image\":{\"@id\":\"https:\/\/trailtourfinland.fi\/fi\/#\/schema\/logo\/image\/\"}},{\"@type\":\"Person\",\"@id\":\"https:\/\/trailtourfinland.fi\/fi\/#\/schema\/person\/73f3b981ecb3c2dd36a00ea299a20d07\",\"name\":\"harri.jantunen\",\"image\":{\"@type\":\"ImageObject\",\"inLanguage\":\"fi\",\"@id\":\"https:\/\/trailtourfinland.fi\/fi\/#\/schema\/person\/image\/\",\"url\":\"https:\/\/secure.gravatar.com\/avatar\/c9197c791109484cdaa987439a3657f4f7da8ab35c62f599f21f21994c0d2a82?s=96&d=mm&r=g\",\"contentUrl\":\"https:\/\/secure.gravatar.com\/avatar\/c9197c791109484cdaa987439a3657f4f7da8ab35c62f599f21f21994c0d2a82?s=96&d=mm&r=g\",\"caption\":\"harri.jantunen\"},\"url\":\"https:\/\/trailtourfinland.fi\/fi\/author\/harri-jantunen\/\"}]}<\/script>\n<!-- \/ Yoast SEO plugin. -->","yoast_head_json":{"title":"Vastaus presidentti Stubbille: \u201dN\u00e4iss\u00e4 tapahtumissa k\u00e4yv\u00e4t my\u00f6s yli 70-vuotiaat\u201d - Trail Tour Finland","robots":{"index":"index","follow":"follow","max-snippet":"max-snippet:-1","max-image-preview":"max-image-preview:large","max-video-preview":"max-video-preview:-1"},"canonical":"https:\/\/trailtourfinland.fi\/fi\/2024\/04\/02\/vastaus-presidentti-stubbille-naissa-tapahtumissa-kayvat-myos-yli-70-vuotiaat\/","og_locale":"fi_FI","og_type":"article","og_title":"Vastaus presidentti Stubbille: \u201dN\u00e4iss\u00e4 tapahtumissa k\u00e4yv\u00e4t my\u00f6s yli 70-vuotiaat\u201d - Trail Tour Finland","og_description":"Viisikymppiset ovat vasta osallistujien ik\u00e4haitarin puoliv\u00e4liss\u00e4, sanovat polkujuoksutapahtumien j\u00e4rjest\u00e4j\u00e4t.\u00a0 &nbsp; Polkujuoksulle luonteenomaista on el\u00e4myksellisyys. Tapahtumien reitit voivat olla teknisesti ja profiililtaan helppoja tai haastavia. Vaarojen Maratonin (kuva) reitti kulkee Kolin kansallispuistossa ja sen tuntumassa. Aapo Laiho &nbsp; Polkujuoksutapahtumat nousivat esiin presidentti\u00a0Alexander Stubbin\u00a0ja urheiluvaikuttaja\u00a0Kaisa M\u00e4k\u00e4r\u00e4isen\u00a0keskusteluissa, kun presidenttipari vieraili Pohjois-Karjalassa viime viikolla. Presidentti arvioi M\u00e4k\u00e4r\u00e4isen haastattelussa olevansa...","og_url":"https:\/\/trailtourfinland.fi\/fi\/2024\/04\/02\/vastaus-presidentti-stubbille-naissa-tapahtumissa-kayvat-myos-yli-70-vuotiaat\/","og_site_name":"Trail Tour Finland","article_published_time":"2024-04-02T07:10:05+00:00","og_image":[{"url":"https:\/\/trailtourfinland.fi\/wp-content\/uploads\/sites\/11\/2024\/04\/unnamed.jpg","type":"","width":"","height":""}],"author":"harri.jantunen","twitter_card":"summary_large_image","twitter_misc":{"Kirjoittanut":"harri.jantunen","Arvioitu lukuaika":"2 minuuttia"},"schema":{"@context":"https:\/\/schema.org","@graph":[{"@type":"Article","@id":"https:\/\/trailtourfinland.fi\/fi\/2024\/04\/02\/vastaus-presidentti-stubbille-naissa-tapahtumissa-kayvat-myos-yli-70-vuotiaat\/#article","isPartOf":{"@id":"https:\/\/trailtourfinland.fi\/fi\/2024\/04\/02\/vastaus-presidentti-stubbille-naissa-tapahtumissa-kayvat-myos-yli-70-vuotiaat\/"},"author":{"name":"harri.jantunen","@id":"https:\/\/trailtourfinland.fi\/fi\/#\/schema\/person\/73f3b981ecb3c2dd36a00ea299a20d07"},"headline":"Vastaus presidentti Stubbille: \u201dN\u00e4iss\u00e4 tapahtumissa k\u00e4yv\u00e4t my\u00f6s yli 70-vuotiaat\u201d","datePublished":"2024-04-02T07:10:05+00:00","mainEntityOfPage":{"@id":"https:\/\/trailtourfinland.fi\/fi\/2024\/04\/02\/vastaus-presidentti-stubbille-naissa-tapahtumissa-kayvat-myos-yli-70-vuotiaat\/"},"wordCount":381,"publisher":{"@id":"https:\/\/trailtourfinland.fi\/fi\/#organization"},"image":{"@id":"https:\/\/trailtourfinland.fi\/fi\/2024\/04\/02\/vastaus-presidentti-stubbille-naissa-tapahtumissa-kayvat-myos-yli-70-vuotiaat\/#primaryimage"},"thumbnailUrl":"https:\/\/trailtourfinland.fi\/wp-content\/uploads\/sites\/11\/2024\/04\/unnamed.jpg","articleSection":["STT Info","Tiedote","Uncategorized @fi"],"inLanguage":"fi"},{"@type":"WebPage","@id":"https:\/\/trailtourfinland.fi\/fi\/2024\/04\/02\/vastaus-presidentti-stubbille-naissa-tapahtumissa-kayvat-myos-yli-70-vuotiaat\/","url":"https:\/\/trailtourfinland.fi\/fi\/2024\/04\/02\/vastaus-presidentti-stubbille-naissa-tapahtumissa-kayvat-myos-yli-70-vuotiaat\/","name":"Vastaus presidentti Stubbille: \u201dN\u00e4iss\u00e4 tapahtumissa k\u00e4yv\u00e4t my\u00f6s yli 70-vuotiaat\u201d - Trail Tour Finland","isPartOf":{"@id":"https:\/\/trailtourfinland.fi\/fi\/#website"},"primaryImageOfPage":{"@id":"https:\/\/trailtourfinland.fi\/fi\/2024\/04\/02\/vastaus-presidentti-stubbille-naissa-tapahtumissa-kayvat-myos-yli-70-vuotiaat\/#primaryimage"},"image":{"@id":"https:\/\/trailtourfinland.fi\/fi\/2024\/04\/02\/vastaus-presidentti-stubbille-naissa-tapahtumissa-kayvat-myos-yli-70-vuotiaat\/#primaryimage"},"thumbnailUrl":"https:\/\/trailtourfinland.fi\/wp-content\/uploads\/sites\/11\/2024\/04\/unnamed.jpg","datePublished":"2024-04-02T07:10:05+00:00","breadcrumb":{"@id":"https:\/\/trailtourfinland.fi\/fi\/2024\/04\/02\/vastaus-presidentti-stubbille-naissa-tapahtumissa-kayvat-myos-yli-70-vuotiaat\/#breadcrumb"},"inLanguage":"fi","potentialAction":[{"@type":"ReadAction","target":["https:\/\/trailtourfinland.fi\/fi\/2024\/04\/02\/vastaus-presidentti-stubbille-naissa-tapahtumissa-kayvat-myos-yli-70-vuotiaat\/"]}]},{"@type":"ImageObject","inLanguage":"fi","@id":"https:\/\/trailtourfinland.fi\/fi\/2024\/04\/02\/vastaus-presidentti-stubbille-naissa-tapahtumissa-kayvat-myos-yli-70-vuotiaat\/#primaryimage","url":"https:\/\/trailtourfinland.fi\/wp-content\/uploads\/sites\/11\/2024\/04\/unnamed.jpg","contentUrl":"https:\/\/trailtourfinland.fi\/wp-content\/uploads\/sites\/11\/2024\/04\/unnamed.jpg"},{"@type":"BreadcrumbList","@id":"https:\/\/trailtourfinland.fi\/fi\/2024\/04\/02\/vastaus-presidentti-stubbille-naissa-tapahtumissa-kayvat-myos-yli-70-vuotiaat\/#breadcrumb","itemListElement":[{"@type":"ListItem","position":1,"name":"Etusivu","item":"https:\/\/trailtourfinland.fi\/fi\/"},{"@type":"ListItem","position":2,"name":"Vastaus presidentti Stubbille: \u201dN\u00e4iss\u00e4 tapahtumissa k\u00e4yv\u00e4t my\u00f6s yli 70-vuotiaat\u201d"}]},{"@type":"WebSite","@id":"https:\/\/trailtourfinland.fi\/fi\/#website","url":"https:\/\/trailtourfinland.fi\/fi\/","name":"Trail Tour Finland","description":"","publisher":{"@id":"https:\/\/trailtourfinland.fi\/fi\/#organization"},"potentialAction":[{"@type":"SearchAction","target":{"@type":"EntryPoint","urlTemplate":"https:\/\/trailtourfinland.fi\/fi\/?s={search_term_string}"},"query-input":{"@type":"PropertyValueSpecification","valueRequired":true,"valueName":"search_term_string"}}],"inLanguage":"fi"},{"@type":"Organization","@id":"https:\/\/trailtourfinland.fi\/fi\/#organization","name":"Trail Tour Finland","url":"https:\/\/trailtourfinland.fi\/fi\/","logo":{"@type":"ImageObject","inLanguage":"fi","@id":"https:\/\/trailtourfinland.fi\/fi\/#\/schema\/logo\/image\/","url":"https:\/\/media.nuts.fi\/wp-content\/uploads\/sites\/11\/2025\/03\/15164622\/ttf-ympyra-vaalea.svg","contentUrl":"https:\/\/media.nuts.fi\/wp-content\/uploads\/sites\/11\/2025\/03\/15164622\/ttf-ympyra-vaalea.svg","caption":"Trail Tour Finland"},"image":{"@id":"https:\/\/trailtourfinland.fi\/fi\/#\/schema\/logo\/image\/"}},{"@type":"Person","@id":"https:\/\/trailtourfinland.fi\/fi\/#\/schema\/person\/73f3b981ecb3c2dd36a00ea299a20d07","name":"harri.jantunen","image":{"@type":"ImageObject","inLanguage":"fi","@id":"https:\/\/trailtourfinland.fi\/fi\/#\/schema\/person\/image\/","url":"https:\/\/secure.gravatar.com\/avatar\/c9197c791109484cdaa987439a3657f4f7da8ab35c62f599f21f21994c0d2a82?s=96&d=mm&r=g","contentUrl":"https:\/\/secure.gravatar.com\/avatar\/c9197c791109484cdaa987439a3657f4f7da8ab35c62f599f21f21994c0d2a82?s=96&d=mm&r=g","caption":"harri.jantunen"},"url":"https:\/\/trailtourfinland.fi\/fi\/author\/harri-jantunen\/"}]}},"taxonomy_info":{"category":[{"value":10,"label":"STT Info"},{"value":11,"label":"Tiedote"},{"value":1,"label":"Uncategorized @fi"}]},"featured_image_src_large":false,"author_info":{"display_name":"harri.jantunen","author_link":"https:\/\/trailtourfinland.fi\/fi\/author\/harri-jantunen\/"},"comment_info":0,"category_info":[{"term_id":10,"name":"STT Info","slug":"stt-info","term_group":0,"term_taxonomy_id":10,"taxonomy":"category","description":"","parent":0,"count":9,"filter":"raw","cat_ID":10,"category_count":9,"category_description":"","cat_name":"STT Info","category_nicename":"stt-info","category_parent":0},{"term_id":11,"name":"Tiedote","slug":"tiedote","term_group":0,"term_taxonomy_id":11,"taxonomy":"category","description":"","parent":0,"count":7,"filter":"raw","cat_ID":11,"category_count":7,"category_description":"","cat_name":"Tiedote","category_nicename":"tiedote","category_parent":0},{"term_id":1,"name":"Uncategorized @fi","slug":"uncategorized-fi","term_group":0,"term_taxonomy_id":1,"taxonomy":"category","description":"","parent":0,"count":13,"filter":"raw","cat_ID":1,"category_count":13,"category_description":"","cat_name":"Uncategorized @fi","category_nicename":"uncategorized-fi","category_parent":0}],"tag_info":false,"_links":{"self":[{"href":"https:\/\/trailtourfinland.fi\/fi\/wp-json\/wp\/v2\/posts\/423","targetHints":{"allow":["GET"]}}],"collection":[{"href":"https:\/\/trailtourfinland.fi\/fi\/wp-json\/wp\/v2\/posts"}],"about":[{"href":"https:\/\/trailtourfinland.fi\/fi\/wp-json\/wp\/v2\/types\/post"}],"author":[{"embeddable":true,"href":"https:\/\/trailtourfinland.fi\/fi\/wp-json\/wp\/v2\/users\/9"}],"replies":[{"embeddable":true,"href":"https:\/\/trailtourfinland.fi\/fi\/wp-json\/wp\/v2\/comments?post=423"}],"version-history":[{"count":0,"href":"https:\/\/trailtourfinland.fi\/fi\/wp-json\/wp\/v2\/posts\/423\/revisions"}],"wp:attachment":[{"href":"https:\/\/trailtourfinland.fi\/fi\/wp-json\/wp\/v2\/media?parent=423"}],"wp:term":[{"taxonomy":"category","embeddable":true,"href":"https:\/\/trailtourfinland.fi\/fi\/wp-json\/wp\/v2\/categories?post=423"},{"taxonomy":"post_tag","embeddable":true,"href":"https:\/\/trailtourfinland.fi\/fi\/wp-json\/wp\/v2\/tags?post=423"}],"curies":[{"name":"wp","href":"https:\/\/api.w.org\/{rel}","templated":true}]}}